{"id":1423,"date":"2022-10-20T14:16:07","date_gmt":"2022-10-20T12:16:07","guid":{"rendered":"https:\/\/kiszo.hhrf.org\/seo\/?p=1423"},"modified":"2024-09-22T15:18:47","modified_gmt":"2024-09-22T13:18:47","slug":"infra-hosugarzok-infrafutes-velemenyek","status":"publish","type":"post","link":"https:\/\/kiszo.hhrf.org\/seo\/infra-hosugarzok-infrafutes-velemenyek\/","title":{"rendered":"Infra h\u0151sug\u00e1rz\u00f3k. Infraf\u0171t\u00e9s v\u00e9lem\u00e9nyek"},"content":{"rendered":"<h2>Infraf\u0171t\u00e9s el\u0151nye, h\u00e1tr\u00e1nya. V\u00e9lem\u00e9nyek<\/h2>\n<div id=\"attachment_1437\" style=\"width: 159px\" class=\"wp-caption alignright\"><img decoding=\"async\" aria-describedby=\"caption-attachment-1437\" class=\"wp-image-1437\" src=\"https:\/\/kiszo.hhrf.org\/seo\/wp-content\/uploads\/2022\/10\/infrapanelek-elonyei.jpg\" alt=\"infrapanelek el\u0151nyei\" width=\"149\" height=\"104\" srcset=\"https:\/\/kiszo.hhrf.org\/seo\/wp-content\/uploads\/2022\/10\/infrapanelek-elonyei.jpg 172w, https:\/\/kiszo.hhrf.org\/seo\/wp-content\/uploads\/2022\/10\/infrapanelek-elonyei-150x105.jpg 150w, https:\/\/kiszo.hhrf.org\/seo\/wp-content\/uploads\/2022\/10\/infrapanelek-elonyei-20x14.jpg 20w\" sizes=\"(max-width: 149px) 100vw, 149px\" \/><p id=\"caption-attachment-1437\" class=\"wp-caption-text\">Az infraf\u0171t\u00e9s el\u0151nyei<\/p><\/div>\n<p>Energiav\u00e1ls\u00e1g fenyeget. Megker\u00fclhetetlen k\u00e9rd\u00e9s: mivel \u00e9s hogyan f\u0171ts\u00fcnk. Kisfogyaszt\u00f3k eset\u00e9ben adott h\u0151mennyis\u00e9g el\u0151\u00e1ll\u00edt\u00e1sa m\u00e9g mindig g\u00e1zf\u0171t\u00e9ssel a legolcs\u00f3bb. Igen \u00e1m, csakhogy ennek a h\u0151nek jelent\u0151s r\u00e9sze nem hasznosul. Kimegy a k\u00e9m\u00e9nyen; cs\u00f6veket, vizet, radi\u00e1tort, plafon al\u00e1 gy\u0171l\u0151 leveg\u0151t meleg\u00edt. \u00c1tlagfogyaszt\u00e1s felett pedig t\u00f6bbsz\u00f6r\u00f6s a tarifa. Villany\u00e1ram eset\u00e9ben m\u00e9rs\u00e9keltebb az \u00e1remelked\u00e9s \u00e9s az energia hasznosul\u00e1sa is optim\u00e1lis. B\u00e1rhogy is, \u00e9rdemes a <em>szak\u00e9rt\u0151i tan\u00e1csad\u00e1s<\/em> szolg\u00e1ltat\u00e1s\u00e1t ig\u00e9nybe venni.<\/p>\n<div id=\"attachment_1427\" style=\"width: 310px\" class=\"wp-caption alignleft\"><img decoding=\"async\" aria-describedby=\"caption-attachment-1427\" class=\"wp-image-1427 size-full\" src=\"https:\/\/kiszo.hhrf.org\/seo\/wp-content\/uploads\/2022\/10\/infra-hosugarzo.jpg\" alt=\"infra h\u0151sug\u00e1rz\u00f3\" width=\"300\" height=\"183\" srcset=\"https:\/\/kiszo.hhrf.org\/seo\/wp-content\/uploads\/2022\/10\/infra-hosugarzo.jpg 300w, https:\/\/kiszo.hhrf.org\/seo\/wp-content\/uploads\/2022\/10\/infra-hosugarzo-260x159.jpg 260w, https:\/\/kiszo.hhrf.org\/seo\/wp-content\/uploads\/2022\/10\/infra-hosugarzo-150x92.jpg 150w, https:\/\/kiszo.hhrf.org\/seo\/wp-content\/uploads\/2022\/10\/infra-hosugarzo-20x12.jpg 20w\" sizes=\"(max-width: 300px) 100vw, 300px\" \/><p id=\"caption-attachment-1427\" class=\"wp-caption-text\">Az infra h\u0151sug\u00e1rz\u00f3 takar\u00e9kos<\/p><\/div>\n<h3>Infra s\u00f6t\u00e9tsug\u00e1rz\u00f3k<\/h3>\n<p>E t\u00edpus term\u00e9kei k\u00fcl\u00f6n csoportot k\u00e9peznek az elektromos meleg\u00edt\u0151k\u00e9sz\u00fcl\u00e9kek csal\u00e1dj\u00e1ban. H\u0151m\u00e9rs\u00e9klet\u00fck alapj\u00e1n a 90-110 fokos infrapanel-t\u00e1bl\u00e1k \u00e9s izz\u00f3, 900-1100 fokos h\u0151sug\u00e1rz\u00f3k k\u00f6z\u00f6tt helyezkednek el a s\u00f6t\u00e9t vagy hossz\u00fahull\u00e1m\u00fa villamos meleg\u00edt\u0151k\u00e9sz\u00fcl\u00e9kek. Az <strong>infra s\u00f6t\u00e9tsug\u00e1rz\u00f3k<\/strong> \u00fczemi h\u0151m\u00e9rs\u00e9klete legt\u00f6bbsz\u00f6r 250\u2013400 Celsius-fok k\u00f6z\u00f6tt van \u00e9s els\u0151sorban karbonsz\u00e1las ker\u00e1mia f\u0171t\u0151panelek alakj\u00e1ban fordulnak el\u0151. Mivel ezek a k\u00e9sz\u00fcl\u00e9k az aj\u00e1nlott minimum 1,5-2 m\u00e9ter t\u00e1vols\u00e1gb\u00f3l nem k\u00e9pesek t\u00falmeleg\u00edteni test\u00fcnket, ez\u00e9rt hosszabb id\u0151re is bekapcsolva hagyhatjuk \u0151ket k\u00f6zvetlen k\u00f6rnyezet\u00fcnkben. Biztons\u00e1gos kialak\u00edt\u00e1suk ok\u00e1n \u00e9ghet\u0151 fel\u00fcletekre is felszerelhet\u0151k, p\u00e9ld\u00e1ul elegend\u0151 belmagass\u00e1g eset\u00e9ben falusi h\u00e1zakban a mestergerend\u00e1ra.<\/p>\n<p>T\u00e1rsaikkal egyetemben\u00a0 egyre nagyobb n\u00e9pszer\u0171s\u00e9gnek \u00f6rvendenek. De ahhoz, hogy az infraterm\u00e9k\u00a0 kiv\u00e1laszt\u00e1s\u00e1n\u00e1l \u00e9szszer\u0171 d\u00f6nt\u00e9st tudjunk hozni, fontos megismerkedn\u00fcnk a szakv\u00e9lem\u00e9nyek sokf\u00e9les\u00e9g\u00e9vel, a gy\u00e1rtm\u00e1nyok m\u0171k\u00f6d\u00e9si elv\u00e9vel, valamint figyelembe kell venni az el\u0151ny\u00f6ket \u00e9s h\u00e1tr\u00e1nyokat.<\/p>\n<h2>Az infraterm\u00e9kek legf\u0151bb saj\u00e1toss\u00e1ga<\/h2>\n<div id=\"attachment_1340\" style=\"width: 310px\" class=\"wp-caption alignright\"><img decoding=\"async\" aria-describedby=\"caption-attachment-1340\" class=\"wp-image-1340 size-full\" src=\"https:\/\/kiszo.hhrf.org\/seo\/wp-content\/uploads\/2021\/08\/infrasugarzo.jpg\" alt=\"infrasug\u00e1rz\u00f3 webshop\" width=\"300\" height=\"227\" srcset=\"https:\/\/kiszo.hhrf.org\/seo\/wp-content\/uploads\/2021\/08\/infrasugarzo.jpg 300w, https:\/\/kiszo.hhrf.org\/seo\/wp-content\/uploads\/2021\/08\/infrasugarzo-260x197.jpg 260w, https:\/\/kiszo.hhrf.org\/seo\/wp-content\/uploads\/2021\/08\/infrasugarzo-150x114.jpg 150w, https:\/\/kiszo.hhrf.org\/seo\/wp-content\/uploads\/2021\/08\/infrasugarzo-20x15.jpg 20w\" sizes=\"(max-width: 300px) 100vw, 300px\" \/><p id=\"caption-attachment-1340\" class=\"wp-caption-text\">Infrasug\u00e1rz\u00f3k webshopban is v\u00e1s\u00e1rolhat\u00f3k<\/p><\/div>\n<p>Szak\u00fczletekben \u00e9s web\u00e1ruh\u00e1zakban is kaphat\u00f3 sz\u00e1mos eff\u00e9le berendez\u00e9s. Mi a legf\u0151bb k\u00f6z\u00f6s jellemz\u0151j\u00fck?<\/p>\n<p>Az, hogy IR (Infra Red) meleg\u00edt\u0151k\u00e9sz\u00fcl\u00e9kek m\u0171k\u00f6d\u00e9s\u00e9nek hat\u00e1sa hasonl\u00f3 a F\u00f6ld fel\u00fclet\u00e9t felmeleg\u00edt\u0151 Nap sugarai\u00e9hoz. \u00c1thatol az atmoszf\u00e9r\u00e1n, felmeleg\u00edti a sz\u00e1razf\u00f6ldet \u00e9s a tengereket. Ezek meleg\u00e9t\u0151l emelkedik m\u00e1sodlagosan a leveg\u0151 h\u0151m\u00e9rs\u00e9klete is.<\/p>\n<p>F\u0171t\u00e9sn\u00e9l a leadott elektrom\u00e1gneses, h\u0151frekvenci\u00e1s (infrav\u00f6r\u00f6s, szemnek l\u00e1thatatlan) hull\u00e1m a helyis\u00e9g leveg\u0151j\u00e9n akad\u00e1lytalanul \u00e1thatolva k\u00f6zvetlen\u00fcl a test\u00fcnket \u00e9s a t\u00e1rgyakat meleg\u00edti fel, melegszik a fal \u00e9s a padl\u00f3, amelyek ett\u0151l kezdve szint\u00e9n h\u0151forr\u00e1sul szolg\u00e1lnak.<\/p>\n<h3>Infra f\u0171t\u0151k\u00e9sz\u00fcl\u00e9kek el\u0151nyei a hagyom\u00e1nyos meleg\u00edt\u0151berebdez\u00e9sekkel szemben<\/h3>\n<p>Keringtet\u0151s, azaz a konvekci\u00f3s f\u0171t\u00e9ssel szemben infraf\u0171t\u00e9sn\u00e9l els\u0151sorban az egyszer\u0171 szerkezet, az alacsony \u00fczemeltet\u00e9si \u00e1r \u00e9s a k\u00f6nny\u0171, olcs\u00f3 telep\u00edt\u00e9s \u00edrhat\u00f3 az ut\u00f3bbiak jav\u00e1ra. N\u00e9zzen sz\u00e9t egy <em>infrabolt webshop<\/em> v\u00e1laszt\u00e9k\u00e1ban:<\/p>\n<ul>\n<li>K\u00f6lts\u00e9ghat\u00e9kony infrapanel web\u00e1ruh\u00e1zb\u00f3l<\/li>\n<li><a title=\"Infrapanel \u00e9s f\u0171t\u0151film. Villany- \u00e9s infraf\u0171t\u00e9s\" href=\"https:\/\/szolgaltatas.seo-google.hu\/infrapanel-futofilm-villany-infra-futes\/\" target=\"_blank\" rel=\"noopener\">F\u0171t\u00e9s infrasug\u00e1rz\u00f3 panelekkel &#8211; PR<\/a><\/li>\n<\/ul>\n<p>Vegye figyelembe a takar\u00e9koss\u00e1gi \u00e9s fenntarthat\u00f3s\u00e1gi szempontokat. Az aj\u00e1nlott technol\u00f3gia k\u00f6rnyezetbar\u00e1t &#8211; de kis tan\u00e1csad\u00e1s nem \u00e1rthat d\u00f6nt\u00e9s el\u0151tt.<\/p>\n<h2>K\u00f6zvetlen hat\u00e1s, direkt f\u0171t\u00e9s<\/h2>\n<p>L\u00e1ttuk: a konvekci\u00f3s f\u0171t\u00e9s k\u00e9tl\u00e9pcs\u0151s: el\u0151sz\u00f6r a k\u00e9sz\u00fcl\u00e9k a leveg\u0151t meleg\u00edti fel, majd a leveg\u0151t\u0151l melegszik fel a padl\u00f3, a fal, a b\u00fator \u00e9s a szob\u00e1ban tart\u00f3zkod\u00f3k teste. \u00cdgy a felhaszn\u00e1lt energi\u00e1nak csak egy h\u00e1nyada jut el a v\u00e9gs\u0151 felhaszn\u00e1l\u00f3hoz.<\/p>\n<p>Ezzel ellent\u00e9tben az infrasug\u00e1rz\u00f3kt\u00f3l a h\u0151 nem a leveg\u0151 k\u00f6zvet\u00edt\u00e9s\u00e9vel, hanem k\u00f6zvetlen\u00fcl jut el hozz\u00e1nk. Term\u00e9szetesen itt is van m\u00e1sodik l\u00e9pcs\u0151: id\u0151vel a m\u00e1r meleg falakt\u00f3l, a b\u00fatorokt\u00f3l maga a leveg\u0151 is felmelegszik. De ez a m\u00e1sodlagos hat\u00e1s, els\u0151dlegesen az elhaszn\u00e1lt villamos energia csaknem teljes eg\u00e9sz\u00e9ben sug\u00e1rz\u00f3 h\u0151v\u00e9 alakul \u00e9s ebben a form\u00e1j\u00e1ban \u00e1tad\u00f3dik a test\u00fcnknek.<\/p>\n<h2>Azonnali h\u0151\u00e1tad\u00e1s. Takar\u00e9koss\u00e1g<\/h2>\n<p>P\u00e9ld\u00e1nak ok\u00e1\u00e9rt: az olajradi\u00e1torok bekapcsol\u00e1s\u00e1t\u00f3l sz\u00e1m\u00edtott 30 perc ut\u00e1n \u00e9rezz\u00fck meg annak meleg\u00e9t. El\u0151sz\u00f6r az olaj, majd a szoba leveg\u0151je, \u00e9s csak legv\u00e9g\u00fcl az emberi test melegszik fel. M\u00e9g lass\u00fabb a folyamat v\u00edzkeringtet\u0151s f\u0171t\u00e9sn\u00e9l: kaz\u00e1n &gt; v\u00edz &gt; cs\u00f6vek &gt; radi\u00e1torok &gt; leveg\u0151 &gt; ember. Az infrav\u00f6r\u00f6s meleg\u00edt\u0151k\u00e9sz\u00fcl\u00e9kek a f\u0171t\u0151elemek felmeleged\u00e9se ut\u00e1n szinte azonnal, nem 30 percen, hanem 30 m\u00e1sodpercen bel\u00fcl kezdik sz\u00e1munkra \u00e9rezhet\u0151en \u00e1tadni a h\u0151energi\u00e1t. Ha az eg\u00e9sz napos t\u00e1voll\u00e9t ut\u00e1n bel\u00e9p\u00fcnk a hideg szob\u00e1ba, az infraf\u0171t\u0151 bekapcsol\u00e1sakor szinte azonnal \u00e9rezhetj\u00fck annak kellemes meleg\u00e9t.<\/p>\n<div id=\"attachment_1433\" style=\"width: 310px\" class=\"wp-caption alignleft\"><img decoding=\"async\" aria-describedby=\"caption-attachment-1433\" class=\"wp-image-1433 size-full\" src=\"https:\/\/kiszo.hhrf.org\/seo\/wp-content\/uploads\/2022\/10\/infrapanel.jpg\" alt=\"infrapanelek\" width=\"300\" height=\"200\" srcset=\"https:\/\/kiszo.hhrf.org\/seo\/wp-content\/uploads\/2022\/10\/infrapanel.jpg 300w, https:\/\/kiszo.hhrf.org\/seo\/wp-content\/uploads\/2022\/10\/infrapanel-260x173.jpg 260w, https:\/\/kiszo.hhrf.org\/seo\/wp-content\/uploads\/2022\/10\/infrapanel-150x100.jpg 150w, https:\/\/kiszo.hhrf.org\/seo\/wp-content\/uploads\/2022\/10\/infrapanel-20x13.jpg 20w\" sizes=\"(max-width: 300px) 100vw, 300px\" \/><p id=\"caption-attachment-1433\" class=\"wp-caption-text\">Az infrapanelek el\u0151nyei<\/p><\/div>\n<p>\u00c9s mivel az IR-sug\u00e1rz\u00f3knak nem felt\u00e9tlen\u00fcl kell felmeleg\u00edteni\u00fck az eg\u00e9sz szob\u00e1t, ez\u00e9rt a konvekci\u00f3s f\u0171t\u00e9shez k\u00e9pest kisebb teljes\u00edtm\u00e9ny\u0171 (kevesebb Wattos) k\u00e9sz\u00fcl\u00e9kekkel is ugyanezt a hat\u00e1st \u00e9rhetj\u00fck el. P\u00e9ld\u00e1ul egy k\u00f6zepes m\u00e9ret\u0171 (15 n\u00e9gyzetm\u00e9teres) h\u00e1l\u00f3szoba felmeleg\u00edt\u00e9s\u00e9re legal\u00e1bb 1500\u20131800 wattos olajradi\u00e1torokra van sz\u00fcks\u00e9g. Ugyanazt a h\u0151effektust \u00e9rhetj\u00fck el egy 500-600 wattos IR-f\u0171t\u0151test haszn\u00e1lat\u00e1val, ha egyenesen szob\u00e1ban tart\u00f3zkod\u00f3k fel\u00e9 ir\u00e1ny\u00edtjuk a radi\u00e1ci\u00f3t. M\u00e1r ebb\u0151l a p\u00e9ld\u00e1b\u00f3l is l\u00e1thatjuk, hogy a k\u00e9sz\u00fcl\u00e9k be\u00e1ll\u00edt\u00e1s\u00e1t\u00f3l \u00e9s a felhaszn\u00e1l\u00f3t\u00f3l val\u00f3 t\u00e1vols\u00e1gt\u00f3l f\u00fcgg\u0151en ak\u00e1r 50\u201360 sz\u00e1zal\u00e9kos energiamegtakar\u00edt\u00e1st is el\u00e9rhet\u00fcnk fejlett technol\u00f3gi\u00e1val.<\/p>\n<p>K\u00f6lts\u00e9geinket k\u00edm\u00e9li a gy\u00e1rtm\u00e1nyok tart\u00f3ss\u00e1ga. Egy karbonsz\u00e1las <strong>ker\u00e1mia infrasug\u00e1rz\u00f3<\/strong> \u00e9lettartama t\u00f6bb \u00e9vtizedre tehet\u0151 (30-40 \u00e9ven \u00e1t is megtartja m\u0171k\u00f6d\u0151k\u00e9pess\u00e9g\u00e9t), \u00edgy felhaszn\u00e1l\u00e1suk gazdas\u00e1gos.<\/p>\n<h2>H\u0151konvekci\u00f3s l\u00e9g\u00e1ramlatok hi\u00e1nya<\/h2>\n<p>Mint azt az iskolai tanulm\u00e1nyainkb\u00f3l tudjuk, a fizika t\u00f6rv\u00e9nyei szerint a hagyom\u00e1nyos f\u0171t\u0151testek \u00e1ltal felmeleg\u00edtett leveg\u0151 felfel\u00e9 \u00e1ramlik. Ez\u00e9rt min\u00e9l k\u00f6zelebb tart\u00f3zkodunk a padl\u00f3hoz, ann\u00e1l hidegebbet \u00e9rz\u00fcnk. Ett\u0151l elt\u00e9r\u0151en az infrapanelek sug\u00e1rozta ir\u00e1ny\u00edtott h\u0151, a f\u0171t\u0151test elhelyez\u00e9s\u00e9t\u0151l f\u00fcggetlen\u00fcl az ir\u00e1nybe\u00e1ll\u00edt\u00e1s szerinti ter\u00fcletre esik. Azaz a h\u0151hat\u00e1s nem lentr\u0151l felfel\u00e9 ir\u00e1nyul, hanem egy el\u0151re meghat\u00e1rozott ir\u00e1nyban \u00e9rv\u00e9nyes\u00fcl. Konvekci\u00f3s f\u0171t\u00e9s eset\u00e9n a helyis\u00e9gekben \u00e1lland\u00f3 l\u00e9g\u00e1raml\u00e1s van,\u00a0 porszemek \u00e9s mikroorganizmusok keringenek a leveg\u0151ben.<\/p>\n<h2>Ir\u00e1ny\u00edtott z\u00f3naf\u0171t\u00e9s, a h\u0151 lokaliz\u00e1l\u00e1sa<\/h2>\n<p>Felhaszn\u00e1l\u00f3i \u00e9s szakmai <em>infrapanel-v\u00e9lem\u00e9nyek<\/em> egybecsengenek abban, hogy csarnokok, rakt\u00e1rak, nagyobb termek kif\u0171t\u00e9s\u00e9re az infrasug\u00e1rz\u00f3k az\u00e9rt alkalmasabbak a hagyom\u00e1nyos f\u0171t\u00e9si rendszerekn\u00e9l, mert m\u0171k\u00f6d\u00e9s\u00fck lok\u00e1lis. Azaz k\u00e9pesek csup\u00e1n egy adott munkater\u00fclet h\u0151m\u00e9rs\u00e9klet\u00e9nek fenntart\u00e1s\u00e1ra. P\u00e9ld\u00e1ul szerel\u0151csarnokban nem f\u0171tik a t\u00e1rol\u00f3kat \u00e9s befut\u00f3-kimen\u0151 s\u00e1vokat, csak a helyeket, ahol az emberek effekt\u00edve dolgoznak.<\/p>\n<p><strong>Id\u0151szakos f\u0171t\u00e9s.<\/strong> Infr\u00e1ink akt\u00edv haszn\u00e1lata id\u0151ben is behat\u00e1rolhat\u00f3: elegend\u0151 munkakezd\u00e9skor bekapcsolni a h\u0151sug\u00e1rz\u00f3kat. Tov\u00e1bbi el\u0151ny a k\u00f6rnyezetbar\u00e1t jelleg \u00e9s a j\u00f3t\u00e9kony \u00e9lettani hat\u00e1s.<\/p>\n<p>Lak\u00e1sokban az <em>infrapaneles f\u0171t\u00e9s<\/em> ak\u00e1r helyis\u00e9genk\u00e9nt szab\u00e1lyozhat\u00f3, el\u0151re programozhat\u00f3, hogy a megfelel\u0151 h\u0151m\u00e9rs\u00e9klet be\u00e1lljon \u00e9s tart\u00f3san megmaradjon. El\u0151ny a zajtalan \u00fczemeltet\u00e9s is. Z\u00f3naf\u0171t\u00e9s eset\u00e9n a sug\u00e1rz\u00f3k \u00e1ltal\u00e1ban a mennyezetre ker\u00fclnek, ez\u00e9rt a m\u00f3dszer helytakar\u00e9kos. Ez is lehet <a title=\"Infraf\u0171t\u00e9s v\u00e9lem\u00e9nyek - h\u00e1tr\u00e1nyok, el\u0151ny\u00f6k\" href=\"https:\/\/pr-cikk.hu\/infrafutes-elonyei-hatranyai\/\" target=\"_blank\" rel=\"noopener\">szempont az infraf\u0171t\u00e9s el\u0151nyeit \u00e9s h\u00e1tranyait \u00e9rint\u0151 v\u00e9lem\u00e9nyek<\/a> kialak\u00edt\u00e1s\u00e1ban.<\/p>\n<p>Fenti tulajdons\u00e1gaik ok\u00e1n praktikus az<\/p>\n<h2>infrapanel f\u0171t\u00e9s boltban, \u00e1ruh\u00e1zban<\/h2>\n<p>L\u00e1togatott \u00fczleteink is az id\u0151szakos f\u0171t\u00e9st ig\u00e9ny\u0171 l\u00e9tes\u00edtm\u00e9nyek sor\u00e1ba tartoznak. \u00cdgy azokat sem kell mindig kif\u0171teni. Nyitvatart\u00e1si id\u0151 alatt viszont kellemes meleg sz\u00fcks\u00e9ges. Sok olyan bolt van, ahol az \u00fczlet t\u0171zvesz\u00e9lyess\u00e9gi oszt\u00e1lyba sorol\u00e1sa miatt kiz\u00e1r\u00f3lag az elektromos infrapanel szerelhet\u0151 fel. El\u0151ny, hogy szab\u00e1lyozhat\u00f3s\u00e1ga ok\u00e1n az \u00fczlet napi \u00e9letvitel\u00e9hez lehet igaz\u00edtani az infraf\u0171t\u00e9st. A f\u0171t\u0151panelek t\u00f6k\u00e9letesen alkalmasak:<\/p>\n<ul>\n<li>m\u0171szaki boltok \u00e9s alkatr\u00e9sz-\u00e1ruh\u00e1zak f\u0171t\u00e9s\u00e9re<\/li>\n<li>rakt\u00e1rak, lerakatok f\u0171t\u00e9s\u00e9re, ahol fontos a stabil h\u0151m\u00e9rs\u00e9klet<\/li>\n<li>p\u00e9nzt\u00e1rg\u00e9p helyek, pr\u00f3baf\u00fclk\u00e9k f\u0171t\u00e9s\u00e9re<\/li>\n<li>elad\u00f3pultok, kiszolg\u00e1l\u00f3 pultok feletti mennyezeti f\u0171t\u0171s\u00e9re<\/li>\n<\/ul>\n<h2>Vannak-e az infraf\u0171t\u00e9snek h\u00e1tr\u00e1nyai?<\/h2>\n<p>Hogyne. P\u00e9ld\u00e1ul:<\/p>\n<ul>\n<li>Az IR-meleg\u00edt\u0151k csak bekapcsolt \u00e1llapotban sug\u00e1roznak h\u0151t, m\u00edg ha kikapcsoljuk olajradi\u00e1torunkat, akkor a benne l\u00e9v\u0151 folyad\u00e9k h\u0151t\u00e1rol\u00f3 k\u00e9pess\u00e9g\u00e9nek k\u00f6sz\u00f6nhet\u0151en m\u00e9g j\u00f3 darabig meleg\u00edti a helyis\u00e9get. Ez alkalmass\u00e1 teszi a k\u00e9sz\u00fcl\u00e9ket arra, hogy termoszt\u00e1ttal felszerelve folyamatos h\u0151lead\u00e1s mellett automatikus ki-be kapcsoljon, \u00e9s e m\u00f3don villamos energi\u00e1t takar\u00edtson meg.<\/li>\n<li>Ir\u00e1ny\u00edthat\u00f3s\u00e1gukb\u00f3l ad\u00f3d\u00f3an az infr\u00e1k nem egyenletesen meleg\u00edti fel a szoba minden szeglet\u00e9t. Igaz, ez k\u00f6nnyen kik\u00fcsz\u00f6b\u00f6lhet\u0151, ha egyszerre t\u00f6bb ilyen k\u00e9sz\u00fcl\u00e9ket alkalmazunk, \u00e9s a helyis\u00e9g k\u00fcl\u00f6nb\u00f6z\u0151 r\u00e9szeire ir\u00e1ny\u00edtjuk.<\/li>\n<li>L\u00e9tezik bizonyos negat\u00edv \u00e9lettani hat\u00e1s hosszabb \u00e9s intenz\u00edv haszn\u00e1lat ut\u00e1n. A test\u00fcnket koncentr\u00e1ltan \u00e9r\u0151 forr\u00f3s\u00e1g kisz\u00e1r\u00edtja a b\u0151r\u00fcnket, \u00e9s szervezet\u00fcnk nem k\u00e9pes izzad\u00e1ssal kompenz\u00e1lni az adott testr\u00e9sz fokozott folyad\u00e9kveszt\u00e9s\u00e9t. A kisz\u00e1radt b\u0151r k\u00e9s\u0151bb h\u00e1mlani kezdhet, ami kellemetlen.<\/li>\n<li>Bizonyos t\u00edpus\u00fa k\u00e9sz\u00fcl\u00e9kek vesz\u00e9lyt jelenthetnek. A magas \u00fczemi h\u0151m\u00e9rs\u00e9kleten m\u0171k\u00f6d\u0151 infrasug\u00e1rz\u00f3k (pl. az izz\u00f3 kvarccs\u00f6ves f\u0171t\u0151test), amennyiben hozz\u00e1\u00e9r\u00fcnk a f\u0171t\u0151sz\u00e1lhoz vagy h\u0151visszaver\u0151h\u00f6z, k\u00e9pesek \u00e9g\u00e9si s\u00e9r\u00fcl\u00e9st okozni.<\/li>\n<li>A kvarccs\u00f6ves f\u0171t\u0151testek a kisug\u00e1rzott h\u0151 mellett er\u0151s f\u00e9nyforr\u00e1sok is egyben. Nappal ez nem okoz probl\u00e9m\u00e1t. De este a szem\u00fcnkbe vil\u00e1g\u00edt\u00f3 f\u00e9ny megzavarhatja nyugodt pihen\u00e9s\u00fcnket, elalv\u00e1sunkat<\/li>\n<\/ul>\n<div id=\"attachment_1436\" style=\"width: 310px\" class=\"wp-caption alignleft\"><img decoding=\"async\" aria-describedby=\"caption-attachment-1436\" class=\"wp-image-1436 size-full\" src=\"https:\/\/kiszo.hhrf.org\/seo\/wp-content\/uploads\/2022\/10\/sotetsugarzo-infrapanel.jpg\" alt=\"s\u00f6t\u00e9tsug\u00e1rz\u00f3 infrapanel\" width=\"300\" height=\"215\" srcset=\"https:\/\/kiszo.hhrf.org\/seo\/wp-content\/uploads\/2022\/10\/sotetsugarzo-infrapanel.jpg 300w, https:\/\/kiszo.hhrf.org\/seo\/wp-content\/uploads\/2022\/10\/sotetsugarzo-infrapanel-260x186.jpg 260w, https:\/\/kiszo.hhrf.org\/seo\/wp-content\/uploads\/2022\/10\/sotetsugarzo-infrapanel-150x108.jpg 150w, https:\/\/kiszo.hhrf.org\/seo\/wp-content\/uploads\/2022\/10\/sotetsugarzo-infrapanel-279x201.jpg 279w, https:\/\/kiszo.hhrf.org\/seo\/wp-content\/uploads\/2022\/10\/sotetsugarzo-infrapanel-20x14.jpg 20w\" sizes=\"(max-width: 300px) 100vw, 300px\" \/><p id=\"caption-attachment-1436\" class=\"wp-caption-text\">S\u00f6t\u00e9tsug\u00e1rz\u00f3s infrapanel f\u0171t\u00e9s<\/p><\/div>\n<p>T\u00f6bb szempontb\u00f3l m\u00e9rlegelhetj\u00fck az adott f\u0171t\u00e9stechnol\u00f3gia el\u0151nyeit \u00e9s h\u00e1tr\u00e1nyait. Megismerve a v\u00e9lem\u00e9nyeket minden bizonnyal k\u00f6nnyebb kiv\u00e1lasztanunk a legmegfelel\u0151bb f\u0171t\u00e9si rendszert \u00e9s h\u0151sug\u00e1rz\u00f3 elemeket. H\u00edvjuk seg\u00edts\u00e9g\u00fcl <a title=\"Google keres\u0151optimaliz\u00e1l\u00e1s\" href=\"https:\/\/kiszo.hhrf.org\/seo\/google-honlap-keresooptimalizalas\/#infra\">a Google keres\u0151t az infraf\u0171t\u00e9s<\/a> megfelel\u0151 eszk\u00f6zeinek megtal\u00e1l\u00e1s\u00e1hoz. Elv\u00e1r\u00e1sunk legyen a k\u00f6rnyezetbar\u00e1t, energiatakar\u00e9kos \u00e9s gazdas\u00e1gos megold\u00e1s. Az infrav\u00f6r\u00f6s sug\u00e1rz\u00e1s eg\u00e9szs\u00e9gre gyakorolt j\u00f3t\u00e9kony hat\u00e1s\u00e1r\u00f3l se feledkezz\u00fcnk meg az \u00e1rucikk kiv\u00e1laszt\u00e1sakor. Ha sz\u00fcks\u00e9ges, k\u00e9rj\u00fck szakember tan\u00e1cs\u00e1t.<\/p>\n<p>&nbsp;<\/p>\n","protected":false},"excerpt":{"rendered":"<p>Infraf\u0171t\u00e9s el\u0151nye, h\u00e1tr\u00e1nya. V\u00e9lem\u00e9nyek Energiav\u00e1ls\u00e1g fenyeget. Megker\u00fclhetetlen k\u00e9rd\u00e9s: mivel \u00e9s hogyan f\u0171ts\u00fcnk. Kisfogyaszt\u00f3k eset\u00e9ben adott h\u0151mennyis\u00e9g el\u0151\u00e1ll\u00edt\u00e1sa m\u00e9g mindig g\u00e1zf\u0171t\u00e9ssel a legolcs\u00f3bb. Igen \u00e1m, csakhogy ennek a h\u0151nek jelent\u0151s r\u00e9sze nem hasznosul. Kimegy a k\u00e9m\u00e9nyen; cs\u00f6veket, vizet, radi\u00e1tort, plafon al\u00e1 gy\u0171l\u0151 leveg\u0151t meleg\u00edt. \u00c1tlagfogyaszt\u00e1s felett pedig&#8230;<\/p>\n<p class=\"continue-reading-button\"> <a class=\"continue-reading-link\" href=\"https:\/\/kiszo.hhrf.org\/seo\/infra-hosugarzok-infrafutes-velemenyek\/\">Itt a teljes cikk<i class=\"crycon-right-dir\"><\/i><\/a><\/p>\n","protected":false},"author":1,"featured_media":1427,"comment_status":"open","ping_status":"open","sticky":false,"template":"","format":"standard","meta":{"footnotes":""},"categories":[144],"tags":[175,174],"class_list":["post-1423","post","type-post","status-publish","format-standard","has-post-thumbnail","hentry","category-eletmod","tag-infrafutes","tag-tanacsadas"],"aioseo_notices":[],"_links":{"self":[{"href":"https:\/\/kiszo.hhrf.org\/seo\/wp-json\/wp\/v2\/posts\/1423","targetHints":{"allow":["GET"]}}],"collection":[{"href":"https:\/\/kiszo.hhrf.org\/seo\/wp-json\/wp\/v2\/posts"}],"about":[{"href":"https:\/\/kiszo.hhrf.org\/seo\/wp-json\/wp\/v2\/types\/post"}],"author":[{"embeddable":true,"href":"https:\/\/kiszo.hhrf.org\/seo\/wp-json\/wp\/v2\/users\/1"}],"replies":[{"embeddable":true,"href":"https:\/\/kiszo.hhrf.org\/seo\/wp-json\/wp\/v2\/comments?post=1423"}],"version-history":[{"count":0,"href":"https:\/\/kiszo.hhrf.org\/seo\/wp-json\/wp\/v2\/posts\/1423\/revisions"}],"wp:featuredmedia":[{"embeddable":true,"href":"https:\/\/kiszo.hhrf.org\/seo\/wp-json\/wp\/v2\/media\/1427"}],"wp:attachment":[{"href":"https:\/\/kiszo.hhrf.org\/seo\/wp-json\/wp\/v2\/media?parent=1423"}],"wp:term":[{"taxonomy":"category","embeddable":true,"href":"https:\/\/kiszo.hhrf.org\/seo\/wp-json\/wp\/v2\/categories?post=1423"},{"taxonomy":"post_tag","embeddable":true,"href":"https:\/\/kiszo.hhrf.org\/seo\/wp-json\/wp\/v2\/tags?post=1423"}],"curies":[{"name":"wp","href":"https:\/\/api.w.org\/{rel}","templated":true}]}}