{"id":1442,"date":"2022-11-17T17:07:06","date_gmt":"2022-11-17T15:07:06","guid":{"rendered":"https:\/\/kiszo.hhrf.org\/seo\/?p=1442"},"modified":"2025-01-08T10:18:50","modified_gmt":"2025-01-08T08:18:50","slug":"novenyek-a-teraszon-vizszures-ontozeshez","status":"publish","type":"post","link":"https:\/\/kiszo.hhrf.org\/seo\/novenyek-a-teraszon-vizszures-ontozeshez\/","title":{"rendered":"N\u00f6v\u00e9nyek a teraszon. V\u00edzsz\u0171r\u00e9s \u00f6nt\u00f6z\u00e9shez"},"content":{"rendered":"<h2>T\u00e9likertek, terasz be\u00e9p\u00edt\u00e9s, n\u00f6v\u00e9nyek<\/h2>\n<div id=\"attachment_1443\" style=\"width: 310px\" class=\"wp-caption alignright\"><img decoding=\"async\" aria-describedby=\"caption-attachment-1443\" class=\"wp-image-1443 size-full\" src=\"https:\/\/kiszo.hhrf.org\/seo\/wp-content\/uploads\/2022\/11\/novenyek-terasz-strelitzia.jpg\" alt=\"be\u00e9p\u00edtett terasz n\u00f6v\u00e9nyek\" width=\"300\" height=\"220\" srcset=\"https:\/\/kiszo.hhrf.org\/seo\/wp-content\/uploads\/2022\/11\/novenyek-terasz-strelitzia.jpg 300w, https:\/\/kiszo.hhrf.org\/seo\/wp-content\/uploads\/2022\/11\/novenyek-terasz-strelitzia-260x191.jpg 260w, https:\/\/kiszo.hhrf.org\/seo\/wp-content\/uploads\/2022\/11\/novenyek-terasz-strelitzia-150x110.jpg 150w, https:\/\/kiszo.hhrf.org\/seo\/wp-content\/uploads\/2022\/11\/novenyek-terasz-strelitzia-20x15.jpg 20w\" sizes=\"(max-width: 300px) 100vw, 300px\" \/><p id=\"caption-attachment-1443\" class=\"wp-caption-text\">Jellegzetes vir\u00e1gaikkal a strelici\u00e1k a t\u00e9likertek kedvelt n\u00f6v\u00e9nyei<\/p><\/div>\n<p>Teraszra \u00e9p\u00edtett t\u00e9likert\u00fcnket \u00fagy aj\u00e1nlatos t\u00e1jolni, hogy n\u00f6v\u00e9nyeinket min\u00e9l t\u00f6bb naps\u00fct\u00e9s \u00e9rje. A nagy \u00fcvegfel\u00fcletek beengedik napf\u00e9nyt. D\u00e9lszaki n\u00f6v\u00e9nyeink a forr\u00f3, p\u00e1r\u00e1s \u00e9ghajlaton honosak, ezt a t\u00e9likertek j\u00f3l k\u00e9pesek reproduk\u00e1lni. Ny\u00e1ri melegben a talaj nagyon kisz\u00e1radhat, \u00e9s alacsony lehet a p\u00e1ratartalom. \u00d6nt\u00f6z\u0151v\u00edznek \u00e9rdemes sz\u0171rt, tiszt\u00edtott es\u0151- vagy k\u00fatvizet haszn\u00e1lni.<\/p>\n<p>Karibi oranzs\u00e1riumok, tr\u00f3pusi \u00fcvegh\u00e1zak \u00e9p\u00edt\u00e9s\u00e9vek sok weboldal foglalkozik, ezek saj\u00e1tos rendszert alkotnak. K\u00fcl\u00f6n egys\u00e9gek foglalkoznak a terasz be\u00e9p\u00edt\u00e9s technol\u00f3gi\u00e1j\u00e1val, m\u00e1s lapok az \u00e9l\u0151vil\u00e1g fel\u0151l k\u00f6zel\u00edtenek, p\u00e9ld\u00e1ul a narancsfa vagy kaka\u00f3fa t\u00e9likerti nevel\u00e9s\u00e9r\u0151l olvashatunk cikkeket.<\/p>\n<h3>N\u00f6v\u00e9nyek elhelyez\u00e9s\u00e9re t\u00e9likertek tervez\u00e9se<\/h3>\n<p>A kerti terasz be\u00e9p\u00edt\u00e9se megoldja a n\u00f6v\u00e9nyek elhelyez\u00e9s\u00e9t. Hogy a szolg\u00e1ltat\u00e1s n\u00e9pszer\u0171s\u00edthet\u0151 legyen, a v\u00e1llalkoz\u00e1s weboldalt ind\u00edtott. \u00cdgy honlap optimaliz\u00e1l\u00e1sra p\u00e9ldak\u00e9nt felhozhat\u00f3 a t\u00e9likertek \u00e9p\u00edt\u00e9s\u00e9vel foglalkoz\u00f3 c\u00e9g <strong>Teraszbe\u00e9p\u00edt\u00e9s Budapest<\/strong> c\u00edm\u0171 oldal\u00e1nak blogt\u00e1mogat\u00e1sa, Az \u00e9p\u00edt\u0151ipari szolg\u00e1ltat\u00f3 mag\u00e1nv\u00e1llalkoz\u00e1s c\u00e9goldala egy dinamikus, adatb\u00e1zis alap\u00fa tartalomkezel\u0151 rendszerre \u00e9p\u00fcl (WP). A port\u00e1l \u00e1lland\u00f3 oldalai biztos\u00edtj\u00e1k a c\u00e9gszer\u0171 megjelen\u00e9s. Ezeket er\u0151s\u00edtve a <em>be\u00e9p\u00edtett terasz<\/em>, <em>\u00fcvegh\u00e1z<\/em>, <em>sz\u0171rt v\u00edz d\u00edszn\u00f6v\u00e9nyek \u00f6nt\u00f6z\u00e9s\u00e9hez<\/em> \u00e9s m\u00e1s t\u00e9m\u00e1kban notebookon \u00edrt blogbejegyz\u00e9sek alkotj\u00e1k a h\u00edrfolyamot.<\/p>\n<ul>\n<li><a title=\"N\u00f6v\u00e9nyek | Terasz be\u00e9p\u00edt\u00e9s \u00e9s T\u00e9likert Budapesten\" href=\"https:\/\/linkepites.balladium.hu\/terasz-telikert\/\" target=\"_blank\" rel=\"noopener\">D\u00e9li n\u00f6v\u00e9nyek a be\u00e9p\u00edtett terasz \u00fcvege alatt &#8211; t\u00e9likert \u00f6tletek<\/a><\/li>\n<\/ul>\n<h3>T\u00e9likertek gy\u00e1rt\u00e1sa &#8211; \u00fcveg terasz be\u00e9p\u00edt\u00e9s Bp.<\/h3>\n<div id=\"attachment_1446\" style=\"width: 310px\" class=\"wp-caption alignleft\"><img decoding=\"async\" aria-describedby=\"caption-attachment-1446\" class=\"wp-image-1446 size-full\" src=\"https:\/\/kiszo.hhrf.org\/seo\/wp-content\/uploads\/2022\/11\/telikert-bp.jpg\" alt=\"t\u00e9likert budapest\" width=\"300\" height=\"184\" srcset=\"https:\/\/kiszo.hhrf.org\/seo\/wp-content\/uploads\/2022\/11\/telikert-bp.jpg 300w, https:\/\/kiszo.hhrf.org\/seo\/wp-content\/uploads\/2022\/11\/telikert-bp-260x159.jpg 260w, https:\/\/kiszo.hhrf.org\/seo\/wp-content\/uploads\/2022\/11\/telikert-bp-150x92.jpg 150w, https:\/\/kiszo.hhrf.org\/seo\/wp-content\/uploads\/2022\/11\/telikert-bp-20x12.jpg 20w\" sizes=\"(max-width: 300px) 100vw, 300px\" \/><p id=\"caption-attachment-1446\" class=\"wp-caption-text\">V\u00edzig\u00e9nyes mediterr\u00e1n \u00e9s karibi n\u00f6v\u00e9nyek a budapesti t\u00e9likertben<\/p><\/div>\n<p>Term\u00e9szetesen a min\u0151s\u00e9gi webtartalom k\u00f6zread\u00e1sa minden honlap eset\u00e9ben\u00a0 rendelkezik keres\u0151marketing-er\u0151vel. Ezt a c\u00e9lt szolg\u00e1lj\u00e1k a r\u00e9szletes \u00e9p\u00edtkez\u00e9si \u00e9s n\u00f6v\u00e9ny\u00e1pol\u00e1si, termeszt\u00e9si szakmai le\u00edr\u00e1sok is.<\/p>\n<p>K\u00fcls\u0151 marketingt\u00e1mogat\u00e1st azonban persze ez a sz\u00e1jt is kap egyedi tartalmak publik\u00e1l\u00e1sa r\u00e9v\u00e9n (unique content marketing). P\u00e9ld\u00e1nak ok\u00e1\u00e9rt \u00e9ppen err\u0151l a webhelyr\u0151l, amely szint\u00e9n a <em>tartalommarketing szolg\u00e1ltat\u00e1s<\/em> fel\u0151l k\u00f6zel\u00edti meg a t\u00e9likertes-\u00fcvegh\u00e1zas-n\u00f6v\u00e9nyh\u00e1zas tematik\u00e1t.<\/p>\n<h2>H\u00e1ztart\u00e1si v\u00edzsz\u0171r\u0151k, m\u0171anyag tart\u00e1ly<\/h2>\n<div id=\"attachment_1449\" style=\"width: 310px\" class=\"wp-caption alignright\"><img decoding=\"async\" aria-describedby=\"caption-attachment-1449\" class=\"wp-image-1449 size-full\" src=\"https:\/\/kiszo.hhrf.org\/seo\/wp-content\/uploads\/2022\/11\/haztartasi-vizszuro.jpg\" alt=\"h\u00e1ztart\u00e1si v\u00edzsz\u0171r\u0151\" width=\"300\" height=\"134\" srcset=\"https:\/\/kiszo.hhrf.org\/seo\/wp-content\/uploads\/2022\/11\/haztartasi-vizszuro.jpg 300w, https:\/\/kiszo.hhrf.org\/seo\/wp-content\/uploads\/2022\/11\/haztartasi-vizszuro-260x116.jpg 260w, https:\/\/kiszo.hhrf.org\/seo\/wp-content\/uploads\/2022\/11\/haztartasi-vizszuro-150x67.jpg 150w, https:\/\/kiszo.hhrf.org\/seo\/wp-content\/uploads\/2022\/11\/haztartasi-vizszuro-20x9.jpg 20w\" sizes=\"(max-width: 300px) 100vw, 300px\" \/><p id=\"caption-attachment-1449\" class=\"wp-caption-text\">K\u00fatv\u00edzb\u0151l \u00e9s es\u0151v\u00edzb\u0151l is sz\u0171rhet\u00fcnk tiszta iv\u00f3vizet h\u00e1ztart\u00e1sunkban<\/p><\/div>\n<p>Ipari \u00e9s h\u00e1ztart\u00e1si v\u00edzsz\u0171r\u0151 berendez\u00e9sek seg\u00edthetnek a n\u00f6v\u00e9nykert tiszta \u00f6nt\u00f6z\u0151viz\u00e9nek el\u0151\u00e1ll\u00edt\u00e1s\u00e1ban. Kemik\u00e1li\u00e1k \u00e9s vegyipar nem felt\u00e9tlen\u00fcl sz\u00fcks\u00e9ges az eg\u00e9szs\u00e9ges iv\u00f3v\u00edz tisztas\u00e1g\u00e1nak el\u00e9r\u00e9s\u00e9hez. K\u00f6rnyezetbar\u00e1t folyad\u00e9kgy\u0171jt\u0151 tart\u00e1lyok. Egyedi tervez\u00e9s\u0171 i<em>pari v\u00edzsz\u0171r\u0151k<\/em> \u00e9s nyom\u00e1skiegyenl\u00edt\u0151 m\u0171anyag tart\u00e1lyok k\u00fcl\u00f6nb\u00f6z\u0151 t\u00e9rfogattal. Es\u0151v\u00edz t\u00e1rol\u00f3 hord\u00f3k \u00e9s technol\u00f3giai IBC tart\u00e1lyok helysz\u00edni beszerel\u00e9se, telep\u00edt\u00e9se gy\u00f3gyszeripari \u00e9s mez\u0151gazdas\u00e1gi, kert\u00e9szeti projektekhez. <em>K\u00fatv\u00edzb\u0151l iv\u00f3v\u00edz<\/em>, es\u0151v\u00edz tiszt\u00edt\u00e1s:<\/p>\n<ul>\n<li>Cintropur h\u00e1ztart\u00e1si \u00e9s ipari v\u00edzsz\u0171r\u0151 berendez\u00e9s<\/li>\n<\/ul>\n<p>Ford\u00edtott ozm\u00f3zis. K\u00fatv\u00edz csapol\u00e1s folyad\u00e9kgy\u0171jt\u0151 ed\u00e9nybe csepplev\u00e1laszt\u00f3 t\u00e1lc\u00e1kkal; nyom\u00e1start\u00f3 ed\u00e9nyek, kaz\u00e1ndob, oxig\u00e9ntart\u00e1ly. , \u00f6bl\u00edt\u0151 k\u00e1d, polietil\u00e9n folyad\u00e9kgy\u0171jt\u0151 \u00e9s t\u00e1rol\u00f3 tart\u00e1lyok. Ipari felhaszn\u00e1l\u00e1sra tervezett folyad\u00e9keloszt\u00f3k, g\u0151zeloszt\u00f3k \u00e9s adagol\u00f3k ac\u00e9l keretben. Adagol\u00f3 <em>iv\u00f3v\u00edztart\u00e1ly<\/em> tart\u00f3val \u00e9s akt\u00edvsz\u00e9n-sz\u0171r\u0151vel a gy\u00e1rt\u00f3, termel\u0151 \u00e9s feldolgoz\u00f3 iparban.<\/p>\n<p><a title=\"Honlap-SEO szak\u00e9rt\u0151 tan\u00e1csai. Optimaliz\u00e1l\u00e1s\" href=\"https:\/\/kiszo.hhrf.org\/seo\/szakerto-seo-tanacsadas\/\">Honlap SEO szak\u00e9rt\u0151 kulcsszavai<\/a>: Tiszta v\u00edz &#8211; k\u00f6rnyezettudatos \u00e9letm\u00f3d, kert \u00e9p\u00edt\u00e9s Bp.<\/p>\n","protected":false},"excerpt":{"rendered":"<p>T\u00e9likertek, terasz be\u00e9p\u00edt\u00e9s, n\u00f6v\u00e9nyek Teraszra \u00e9p\u00edtett t\u00e9likert\u00fcnket \u00fagy aj\u00e1nlatos t\u00e1jolni, hogy n\u00f6v\u00e9nyeinket min\u00e9l t\u00f6bb naps\u00fct\u00e9s \u00e9rje. A nagy \u00fcvegfel\u00fcletek beengedik napf\u00e9nyt. D\u00e9lszaki n\u00f6v\u00e9nyeink a forr\u00f3, p\u00e1r\u00e1s \u00e9ghajlaton honosak, ezt a t\u00e9likertek j\u00f3l k\u00e9pesek reproduk\u00e1lni. Ny\u00e1ri melegben a talaj nagyon kisz\u00e1radhat, \u00e9s alacsony lehet a p\u00e1ratartalom. \u00d6nt\u00f6z\u0151v\u00edznek&#8230;<\/p>\n<p class=\"continue-reading-button\"> <a class=\"continue-reading-link\" href=\"https:\/\/kiszo.hhrf.org\/seo\/novenyek-a-teraszon-vizszures-ontozeshez\/\">Itt a teljes cikk<i class=\"crycon-right-dir\"><\/i><\/a><\/p>\n","protected":false},"author":1,"featured_media":1443,"comment_status":"open","ping_status":"open","sticky":false,"template":"","format":"standard","meta":{"footnotes":""},"categories":[144],"tags":[176,173,177],"class_list":["post-1442","post","type-post","status-publish","format-standard","has-post-thumbnail","hentry","category-eletmod","tag-telikert","tag-terasz","tag-tiszta-viz"],"aioseo_notices":[],"_links":{"self":[{"href":"https:\/\/kiszo.hhrf.org\/seo\/wp-json\/wp\/v2\/posts\/1442","targetHints":{"allow":["GET"]}}],"collection":[{"href":"https:\/\/kiszo.hhrf.org\/seo\/wp-json\/wp\/v2\/posts"}],"about":[{"href":"https:\/\/kiszo.hhrf.org\/seo\/wp-json\/wp\/v2\/types\/post"}],"author":[{"embeddable":true,"href":"https:\/\/kiszo.hhrf.org\/seo\/wp-json\/wp\/v2\/users\/1"}],"replies":[{"embeddable":true,"href":"https:\/\/kiszo.hhrf.org\/seo\/wp-json\/wp\/v2\/comments?post=1442"}],"version-history":[{"count":0,"href":"https:\/\/kiszo.hhrf.org\/seo\/wp-json\/wp\/v2\/posts\/1442\/revisions"}],"wp:featuredmedia":[{"embeddable":true,"href":"https:\/\/kiszo.hhrf.org\/seo\/wp-json\/wp\/v2\/media\/1443"}],"wp:attachment":[{"href":"https:\/\/kiszo.hhrf.org\/seo\/wp-json\/wp\/v2\/media?parent=1442"}],"wp:term":[{"taxonomy":"category","embeddable":true,"href":"https:\/\/kiszo.hhrf.org\/seo\/wp-json\/wp\/v2\/categories?post=1442"},{"taxonomy":"post_tag","embeddable":true,"href":"https:\/\/kiszo.hhrf.org\/seo\/wp-json\/wp\/v2\/tags?post=1442"}],"curies":[{"name":"wp","href":"https:\/\/api.w.org\/{rel}","templated":true}]}}