{"id":512,"date":"2025-02-28T19:46:44","date_gmt":"2025-02-28T17:46:44","guid":{"rendered":"https:\/\/tartalom.cafeblog.hu\/?p=512"},"modified":"2025-03-05T12:36:33","modified_gmt":"2025-03-05T10:36:33","slug":"barokk-dohanyzoasztal-nappali","status":"publish","type":"post","link":"https:\/\/kiszo.hhrf.org\/seo\/barokk-dohanyzoasztal-nappali\/","title":{"rendered":"Barokk doh\u00e1nyz\u00f3asztal a nappaliba"},"content":{"rendered":"<p><img decoding=\"async\" class=\"alignright wp-image-1560 size-full\" src=\"https:\/\/kiszo.hhrf.org\/seo\/wp-content\/uploads\/2020\/08\/barokk-dohanyzoasztal.jpg\" alt=\"Barokk doh\u00e1nyz\u00f3asztal \" width=\"400\" height=\"355\" srcset=\"https:\/\/kiszo.hhrf.org\/seo\/wp-content\/uploads\/2020\/08\/barokk-dohanyzoasztal.jpg 400w, https:\/\/kiszo.hhrf.org\/seo\/wp-content\/uploads\/2020\/08\/barokk-dohanyzoasztal-300x266.jpg 300w, https:\/\/kiszo.hhrf.org\/seo\/wp-content\/uploads\/2020\/08\/barokk-dohanyzoasztal-260x231.jpg 260w, https:\/\/kiszo.hhrf.org\/seo\/wp-content\/uploads\/2020\/08\/barokk-dohanyzoasztal-150x133.jpg 150w, https:\/\/kiszo.hhrf.org\/seo\/wp-content\/uploads\/2020\/08\/barokk-dohanyzoasztal-20x18.jpg 20w\" sizes=\"(max-width: 400px) 100vw, 400px\" \/>T\u00e9ny, hogy a sokf\u00e9le felhaszn\u00e1l\u00e1si m\u00f3dot lehet\u0151v\u00e9 tev\u0151 doh\u00e1nyz\u00f3asztalok kihagyhatatlan berendez\u00e9si t\u00e1rgyai a modern nappaliknak. A praktikuss\u00e1g mellett, ide\u00e1lis helysz\u00ednt teremtenek egy j\u00f3 k\u00e1v\u00e9z\u00e1shoz, meghitt besz\u00e9lget\u00e9shez vagy egy felejthetetlen csal\u00e1di t\u00e1rsasj\u00e1t\u00e9k partihoz. A polcokkal ell\u00e1tott v\u00e1ltozatok \u00fajs\u00e1gok, magazinok \u00e9s egy\u00e9b kedvenc olvasm\u00e1nyok t\u00e1rol\u00e1s\u00e1ra is szolg\u00e1lnak.<\/p>\n<p>Mivel ezek a b\u00fatordarabok a legt\u00f6bb esetben a nappali k\u00f6zep\u00e9n foglalnak helyet, st\u00edlusukkal befoly\u00e1solhatj\u00e1k az eg\u00e9sz enteri\u0151r hangulat\u00e1t. Ha szeretn\u00e9 megtudni, honnan sz\u00e1rmaznak a doh\u00e1nyz\u00f3asztalok \u00e9s milyen szempontokat \u00e9rdemes \u00e1tgondolnia a v\u00e1s\u00e1rl\u00e1s el\u0151tt, tekintse \u00e1t az al\u00e1bbi \u00f6sszefoglal\u00f3nkat!<\/p>\n<h2 style=\"text-align: left;\">Mi\u00f3ta l\u00e9teznek a doh\u00e1nyz\u00f3asztalok?<\/h2>\n<p>B\u00e1r napjainkban a doh\u00e1nyz\u00f3asztalok megszokott r\u00e9sz\u00e9t k\u00e9pezik az otthonoknak, Eur\u00f3p\u00e1ban az els\u0151 v\u00e1ltozatok alig t\u00f6bb, mint sz\u00e1z \u00e9vvel ezel\u0151tt jelentek meg. A coffe table, vagyis k\u00e1v\u00e9z\u00f3asztalnak titul\u00e1lt speci\u00e1lis b\u00fatorokat legkor\u00e1bban az angolok kezdt\u00e9k gy\u00e1rtani a k\u00e9s\u0151 viktori\u00e1nus id\u0151szakban. Ezeket az asztalokat, amelyek m\u00e9retben j\u00f3val kisebbek voltak a hagyom\u00e1nyos \u00e9tkez\u0151asztalokn\u00e1l, f\u0151leg te\u00e1z\u00e1skor \u00e9s k\u00e1v\u00e9z\u00e1skor haszn\u00e1lt\u00e1k.<\/p>\n<p>De a korai v\u00e1ltozatok m\u00e9g viszonylag magas l\u00e1bakon \u00e1ll\u00f3, k\u00f6r alak\u00fa asztallapok voltak.\u00a0 Egy id\u0151ben, a vend\u00e9g\u00e1gyak mellett elhelyezve, az \u00e9jjeli szekr\u00e9nyek funkci\u00f3j\u00e1t is ell\u00e1tt\u00e1k.<\/p>\n<p>Az angol b\u00fatorok fejl\u0151d\u00e9st\u00f6rt\u00e9net\u00e9vel foglalkoz\u00f3 szakirodalom szerint, a sz\u00e9lesebb k\u00f6r\u0171 gy\u00e1rt\u00e1s 1868-t\u00f3l indult meg, E. W Godwin tervez\u0151 munk\u00e1ss\u00e1ga alapj\u00e1n. A doh\u00e1nyz\u00f3asztalok ekkor m\u00e9g 70 cm magass\u00e1ggal b\u00edrtak, ellent\u00e9tben a mai darabokkal, amelyek asztallapja maximum 50 cm-re van a padl\u00f3t\u00f3l.<\/p>\n<p>\u00cdgy a Godwin \u00e1ltal meg\u00e1lmodott t\u00edpusok mellett ak\u00e1r sz\u00e9ken is lehetett \u00fcld\u00f6g\u00e9lni. Godwin st\u00edlusa nagy hat\u00e1ssal volt a k\u00e9s\u0151bbi korok b\u00fatortervez\u0151ire \u00e9s m\u00e1s iparm\u0171v\u00e9szekre is.<\/p>\n<p>K\u00e9s\u0151bb a t\u00f6meges termel\u00e9s lehet\u0151v\u00e9 tette, hogy a doh\u00e1nyz\u00f3asztalok Eur\u00f3pa szerte elterjedjenek \u00e9s lassan a kev\u00e9sb\u00e9 tehet\u0151s t\u00e1rsadalmi r\u00e9tegek is megismerkedhettek ezekkel a remek b\u00fatorokkal. A technol\u00f3gia fejl\u0151d\u00e9s\u00e9vel a fa alapanyagon t\u00fal, a f\u00e9m \u00e9s \u00fcveg fel\u00fcletek szint\u00e9n n\u00e9pszer\u0171v\u00e9 v\u00e1ltak.<\/p>\n<p>Annak ellen\u00e9re, hogy az angolok fontos szerepet v\u00e1llaltak a doh\u00e1nyz\u00f3asztalok siker\u00e9ben, az alap\u00f6tlet val\u00f3sz\u00edn\u0171leg a T\u00e1vol-Keletr\u0151l sz\u00e1rmazik.<\/p>\n<p>Jap\u00e1nban p\u00e9ld\u00e1ul \u00e9vsz\u00e1zadok \u00f3ta ismertek azok a kis m\u00e9ret\u0171 asztalok, amelyek k\u00f6r\u00fcl a csal\u00e1d tagjai \u00e9tkeznek. Ezt az elm\u00e9letet er\u0151s\u00edti a t\u00e9ny, miszerint a 19. sz\u00e1zad v\u00e9g\u00e9n Angli\u00e1ban a jap\u00e1n st\u00edlus megjelen\u00edt\u00e9se el\u00e9g kedvelt szok\u00e1s volt a gazdagabb otthonokban.<\/p>\n<h2 style=\"text-align: left;\">Hogyan c\u00e9lszer\u0171 kiv\u00e1lasztania a t\u00f6k\u00e9letes doh\u00e1nyz\u00f3asztalt?<\/h2>\n<p>A doh\u00e1nyz\u00f3asztal hely\u00e9nek kiv\u00e1laszt\u00e1sa a legels\u0151 feladat, amit a v\u00e1s\u00e1rl\u00e1s el\u0151tt \u00d6nnek \u00e9rdemes elv\u00e9geznie.<\/p>\n<p>\u00c1m a pontos tervez\u00e9shez nem \u00e1rt, ha van k\u00e9zn\u00e9l egy m\u00e9r\u0151szalag \u00e9s egy kev\u00e9sb\u00e9 tapad\u00f3s szigetel\u0151szalag a b\u00fator k\u00f6rvonalainak felv\u00e1zol\u00e1s\u00e1hoz A szigetel\u0151szalagot a padl\u00f3ra ragasztva \u00d6n el\u0151re l\u00e1thatja, mekkora helyre lesz sz\u00fcks\u00e9ge az asztalnak.<\/p>\n<p><a title=\"SEO tan\u00e1csad\u00e1s\" href=\"https:\/\/tanacsadas.eu\/\" target=\"_blank\" rel=\"noopener\">Gyakorlati tan\u00e1cs, j\u00f3 tipp<\/a>, hogy amennyiben kisebb nappalival rendelkezik, \u00e9s az asztalt id\u0151r\u0151l-id\u0151re mozgatni kell, mindenk\u00e9ppen g\u00f6rg\u0151kkel ell\u00e1tott t\u00edpust v\u00e1lasszon. A doh\u00e1nyz\u00f3asztalok rendszeres emelget\u00e9se egy\u00e1ltal\u00e1n nem komfortos megold\u00e1s.<\/p>\n<h2>Haszn\u00e1lati c\u00e9l, forma, anyag<\/h2>\n<p>Ha viszont kell\u0151en t\u00e1gas a nappalija, nyugodtan v\u00e1s\u00e1rolhat nagyobb \u00e9s stabil l\u00e1bakon \u00e1ll\u00f3 asztalt is, vagy egym\u00e1s mell\u00e9 \u00e1ll\u00edthat k\u00e9t, egyforma magass\u00e1g\u00fa darabot. Az ut\u00f3bbi lehet\u0151s\u00e9g f\u0151leg a hosszanti kanap\u00e9k eset\u00e9n j\u00f3 \u00f6tlet, hiszen \u00edgy a garnit\u00far\u00e1n \u00fclve, senkinek sem kell ny\u00fajt\u00f3zkodnia ahhoz, hogy az asztalt el\u00e9rje.<\/p>\n<p>Amennyiben \u00d6n tart att\u00f3l, hogy a nagyobb asztal t\u00fals\u00e1gosan is hangs\u00falyoss\u00e1 v\u00e1lik a szob\u00e1ban, v\u00e1s\u00e1roljon \u00e1tl\u00e1tsz\u00f3 \u00fcveglappal ell\u00e1tott darabokat. Az \u00fcveg nem csak enyh\u00edti a b\u00fator k\u00f6zponti szerep\u00e9t, de a f\u00e1val ellent\u00e9tben k\u00f6nnyebben is tiszt\u00edthat\u00f3.<\/p>\n<p>Az asztal magass\u00e1ga szint\u00e9n kiemelt szempont a v\u00e1s\u00e1rl\u00e1skor.<\/p>\n<p>Ha a b\u00fator a kanap\u00e9 el\u0151tt fog \u00e1llni, \u00fcgyeljen arra, hogy az asztallap ne legyen t\u00fal magasan. Sok baleset t\u00f6rt\u00e9nhet, ha a k\u00e1v\u00e9scs\u00e9sz\u00e9t a magasba emelve pr\u00f3b\u00e1lja meg visszatenni a doh\u00e1nyz\u00f3asztalra. A foltok elker\u00fcl\u00e9se \u00e9rdek\u00e9ben mindig ide\u00e1lis m\u00e9ret\u0171 asztalt v\u00e1lasszon!<\/p>\n<p>Emellett, a k\u00e9nyelmes sz\u00f3rakoz\u00e1shoz \u00e9rdemes az asztalt maximum 45 cm-es t\u00e1vols\u00e1gban elhelyezni a kanap\u00e9t\u00f3l, \u00e9s figyelni kell arra is, hogy a kett\u0151 k\u00f6z\u00f6tt semmik\u00e9ppen se legyen 35 cm-n\u00e9l kisebb hely.<\/p>\n<p>Az, hogy \u00d6n, illetve a csal\u00e1dja mire szeretn\u00e9 haszn\u00e1lni a doh\u00e1nyz\u00f3asztalt, nagyban befoly\u00e1solhatja a v\u00e1s\u00e1rl\u00e1s menet\u00e9t. Lehet, hogy csak <a title=\"Keksztekercs\" href=\"https:\/\/kiszo.hhrf.org\/seo\/keksztekercs\/\" target=\"_blank\" rel=\"noopener\">keksztekercset<\/a> tartana rajta az \u00f6t\u00f3rai te\u00e1hoz.<\/p>\n<p>Form\u00e1juk szerint a doh\u00e1nyz\u00f3asztalok igen v\u00e1ltozatosak lehetnek, vannak sz\u00f6gletes, kerek, ov\u00e1lis vagy henger alak\u00fa t\u00edpusok is. Hogy \u00d6nnek val\u00f3j\u00e1ban milyenre van sz\u00fcks\u00e9ge, els\u0151sorban a kanap\u00e9 hossza hat\u00e1rozza meg. Kis kerek asztalk\u00e1k f\u0151k\u00e9nt a hosszanti kanap\u00e9k el\u0151tt mutatnak j\u00f3l, m\u00edg az L form\u00e1ban elhelyezett sarokgarnit\u00far\u00e1khoz b\u00e1tran v\u00e1laszthat sz\u00f6gletesebb b\u00fatordarabokat is.<\/p>\n<p>Term\u00e9szetesen az asztal egyik esetben se haladja meg a kanap\u00e9 hossz\u00e1t, ugyanis nagyon zavar\u00f3 tud lenni, ha az asztalt ker\u00fclgetni kell.<\/p>\n<p>A doh\u00e1nyz\u00f3asztal anyag\u00e1t els\u0151dlegesen a nappali hangulat\u00e1hoz kell igaz\u00edtania. A modern enteri\u0151r\u00f6kben a napjainkban oly divatos \u00fcveg asztalk\u00e1k javasoltak.<\/p>\n<p>Vintage vagy minim\u00e1lis d\u00edsz\u00edt\u0151elemekkel berendezett szob\u00e1kban pedig az akril, a fa \u00e9s a f\u00e9m doh\u00e1nyz\u00f3asztalok mutatnak j\u00f3l. Amennyiben \u00d6nnek a tart\u00f3ss\u00e1g is kiemelt szempont, ezen a t\u00e9ren a t\u00f6m\u00f6r f\u00e1b\u00f3l gy\u00e1rtott t\u00edpusok jelentik a legjobb min\u0151s\u00e9get.<\/p>\n<p>K\u00fcl\u00f6nlegesek a k\u00e1rpittal bevont darabok. Ezek h\u00e1tr\u00e1nya, hogy rendk\u00edv\u00fcl gyorsan koszol\u00f3dnak \u00e9s a tiszt\u00edt\u00e1suk sem k\u00f6nny\u0171 feladat. Akkor \u00e9rdemes ilyen asztalk\u00e1kat v\u00e1s\u00e1rolnia, ha m\u00e1r eleve egy nagyon hat\u00e1rozott \u00e9s egyedi st\u00edlust siker\u00fclt teremtenie a nappalij\u00e1ba, illetve, ebben a t\u00e9rben a k\u00e1rpitozott asztalok is meg\u00e1llj\u00e1k a hely\u00fcket.<\/p>\n<p>V\u00e9g\u00fcl, a v\u00e1s\u00e1rl\u00e1s el\u0151tt nem \u00e1rt, ha megfogalmazza mag\u00e1ban, mire is szeretn\u00e9k haszn\u00e1lni a doh\u00e1nyz\u00f3asztalt. Abban az esetben, ha nem csak egy-egy \u00f6sszej\u00f6vetelre k\u00edv\u00e1nj\u00e1k ig\u00e9nybe venni,\u00a0 hanem rendszeresen k\u00f6r\u00e9 gy\u0171ln\u00e9nek, a t\u00e1rol\u00f3kkal ell\u00e1tott darabok k\u00f6z\u00f6tt keresg\u00e9ljen. A t\u00e1rol\u00f3k m\u00e9rete \u00e9s sz\u00e1ma teljes m\u00e9rt\u00e9kben a csal\u00e1di ig\u00e9nyekre van b\u00edzva.<\/p>\n<p>Ne felejtse el, olykor a kisgyermekek is saj\u00e1t polcokat szeretnek k\u00e9rni a rajzeszk\u00f6zeik \u00e9s m\u00e1s kedvenc t\u00e1rgyaik sz\u00e1m\u00e1ra!<\/p>\n","protected":false},"excerpt":{"rendered":"<p>T\u00e9ny, hogy a sokf\u00e9le felhaszn\u00e1l\u00e1si m\u00f3dot lehet\u0151v\u00e9 tev\u0151 doh\u00e1nyz\u00f3asztalok kihagyhatatlan berendez\u00e9si t\u00e1rgyai a modern nappaliknak. A praktikuss\u00e1g mellett, ide\u00e1lis helysz\u00ednt teremtenek egy j\u00f3 k\u00e1v\u00e9z\u00e1shoz, meghitt besz\u00e9lget\u00e9shez vagy egy felejthetetlen csal\u00e1di t\u00e1rsasj\u00e1t\u00e9k partihoz. A polcokkal ell\u00e1tott v\u00e1ltozatok \u00fajs\u00e1gok, magazinok \u00e9s egy\u00e9b kedvenc olvasm\u00e1nyok t\u00e1rol\u00e1s\u00e1ra is szolg\u00e1lnak. Mivel&#8230;<\/p>\n<p class=\"continue-reading-button\"> <a class=\"continue-reading-link\" href=\"https:\/\/kiszo.hhrf.org\/seo\/barokk-dohanyzoasztal-nappali\/\">Itt a teljes cikk<i class=\"crycon-right-dir\"><\/i><\/a><\/p>\n","protected":false},"author":3,"featured_media":1560,"comment_status":"open","ping_status":"closed","sticky":false,"template":"","format":"standard","meta":{"footnotes":""},"categories":[144,1],"tags":[164],"class_list":["post-512","post","type-post","status-publish","format-standard","has-post-thumbnail","hentry","category-eletmod","category-seo","tag-pr-cikk"],"aioseo_notices":[],"_links":{"self":[{"href":"https:\/\/kiszo.hhrf.org\/seo\/wp-json\/wp\/v2\/posts\/512","targetHints":{"allow":["GET"]}}],"collection":[{"href":"https:\/\/kiszo.hhrf.org\/seo\/wp-json\/wp\/v2\/posts"}],"about":[{"href":"https:\/\/kiszo.hhrf.org\/seo\/wp-json\/wp\/v2\/types\/post"}],"author":[{"embeddable":true,"href":"https:\/\/kiszo.hhrf.org\/seo\/wp-json\/wp\/v2\/users\/3"}],"replies":[{"embeddable":true,"href":"https:\/\/kiszo.hhrf.org\/seo\/wp-json\/wp\/v2\/comments?post=512"}],"version-history":[{"count":0,"href":"https:\/\/kiszo.hhrf.org\/seo\/wp-json\/wp\/v2\/posts\/512\/revisions"}],"wp:featuredmedia":[{"embeddable":true,"href":"https:\/\/kiszo.hhrf.org\/seo\/wp-json\/wp\/v2\/media\/1560"}],"wp:attachment":[{"href":"https:\/\/kiszo.hhrf.org\/seo\/wp-json\/wp\/v2\/media?parent=512"}],"wp:term":[{"taxonomy":"category","embeddable":true,"href":"https:\/\/kiszo.hhrf.org\/seo\/wp-json\/wp\/v2\/categories?post=512"},{"taxonomy":"post_tag","embeddable":true,"href":"https:\/\/kiszo.hhrf.org\/seo\/wp-json\/wp\/v2\/tags?post=512"}],"curies":[{"name":"wp","href":"https:\/\/api.w.org\/{rel}","templated":true}]}}