{"id":514,"date":"2024-04-07T17:04:00","date_gmt":"2024-04-07T15:04:00","guid":{"rendered":"https:\/\/honlapseo.cafeblog.hu\/2012\/05\/05\/belsoepiteszet-tervezes-enterior-telikert\/"},"modified":"2025-01-08T10:14:36","modified_gmt":"2025-01-08T08:14:36","slug":"belsoepiteszet-telikert-bp","status":"publish","type":"post","link":"https:\/\/kiszo.hhrf.org\/seo\/belsoepiteszet-telikert-bp\/","title":{"rendered":"Bels\u0151\u00e9p\u00edt\u00e9szet &#8211; t\u00e9likert\u00e9p\u00edt\u00e9s Bp."},"content":{"rendered":"<p><a href=\"https:\/\/kiszo.hhrf.org\/seo\/wp-content\/uploads\/2012\/05\/belsoepiteszet-telikert.jpg\"><img decoding=\"async\" class=\"aligncenter wp-image-1513 size-full\" src=\"https:\/\/kiszo.hhrf.org\/seo\/wp-content\/uploads\/2012\/05\/belsoepiteszet-telikert.jpg\" alt=\"T\u00e9likert \u00e9p\u00edt\u00e9s\" width=\"630\" height=\"370\" srcset=\"https:\/\/kiszo.hhrf.org\/seo\/wp-content\/uploads\/2012\/05\/belsoepiteszet-telikert.jpg 630w, https:\/\/kiszo.hhrf.org\/seo\/wp-content\/uploads\/2012\/05\/belsoepiteszet-telikert-300x176.jpg 300w, https:\/\/kiszo.hhrf.org\/seo\/wp-content\/uploads\/2012\/05\/belsoepiteszet-telikert-260x153.jpg 260w, https:\/\/kiszo.hhrf.org\/seo\/wp-content\/uploads\/2012\/05\/belsoepiteszet-telikert-150x88.jpg 150w, https:\/\/kiszo.hhrf.org\/seo\/wp-content\/uploads\/2012\/05\/belsoepiteszet-telikert-20x12.jpg 20w\" sizes=\"(max-width: 630px) 100vw, 630px\" \/><\/a><\/p>\n<h2>T\u00e9likert \u00e9p\u00edt\u00e9s \u00e9s berendez\u00e9s Budapesten<\/h2>\n<p>T\u00e9likertet tervez \u00e9p\u00edttetni Budapesten? \u00c9rdemes tudnia, hogy a bels\u0151\u00e9p\u00edt\u00e9szeti tervez\u00e9s kulcsfontoss\u00e1g\u00fa szerepet j\u00e1tszik az olyan t\u00f6k\u00e9letes bels\u0151 kert megalkot\u00e1s\u00e1ban, amely st\u00edlusosan illeszkedik otthon\u00e1hoz \u00e9s maxim\u00e1lisan kiel\u00e9g\u00edti ig\u00e9nyeit.<\/p>\n<p>Egy szak\u00e9rt\u0151 csapat seg\u00edt \u00d6nnek a t\u00e9likert st\u00edlus\u00e1nak \u00e9s funkci\u00f3j\u00e1nak meghat\u00e1roz\u00e1s\u00e1ban. Egyedi terveket k\u00e9sz\u00edt az \u00d6n ig\u00e9nyeire szabva, tan\u00e1csot ad a t\u00e9likert optim\u00e1lis elhelyezked\u00e9s\u00e9vel, m\u00e9retar\u00e1nyaival, anyagv\u00e1laszt\u00e1s\u00e1val \u00e9s berendez\u00e9s\u00e9vel kapcsolatban.<\/p>\n<p>Egy\u00e9b el\u0151nyei mellett, gondoljon arra is, hogy t\u00f6bb\u00e9 nem kell a n\u00f6v\u00e9nyeket a teraszr\u00f3l a lak\u00e1sba cipelni \u0151sszel. A f\u00e9mbet\u00e9tes m\u0171anyag keret-konstrukci\u00f3 megtartja a s\u00falyos \u00fcvegajt\u00f3kat is.<\/p>\n<p>T\u00e9likerti lakberendez\u00e9s \u00e9s kertrendez\u00e9s megtervez\u00e9s\u00e9nek a fontoss\u00e1ga nyilv\u00e1nval\u00f3. A <strong>be\u00e9p\u00edtett terasz<\/strong> berendez\u00e9s\u00e9n\u00e9l t\u00f6rekedni kell a funkci\u00f3k \u00e9s z\u00f3n\u00e1k szerinti kialak\u00edt\u00e1sra, mely lehet\u0151v\u00e9 teszi a pihen\u00e9st, n\u00f6v\u00e9nygondoz\u00e1st, kert\u00e9szked\u00e9st \u00e9s minden olyan lehet\u0151s\u00e9get, melyre a t\u00e9li h\u00f3napok sor\u00e1n sz\u00fcks\u00e9g\u00fcnk van.<\/p>\n<ul>\n<li><a title=\"T\u00e9likert\u00e9p\u00edt\u00e9s Budapest\" href=\"https:\/\/budapest.balladium.hu\/telikert\/\" target=\"_blank\" rel=\"noopener\">Budapesten t\u00e9likert tervez\u00e9s, \u00e9p\u00edt\u00e9s &#8211; lakberendez\u00e9s<\/a><\/li>\n<\/ul>\n<h1>T\u00e9likert tervez\u00e9s &#8211; lakberendez\u00e9s<\/h1>\n<p>A t\u00e9m\u00e1nak megfelel\u0151en alakul a fent aj\u00e1nlott honlap tartalmi \u00e9s a t\u00e9ma \u00f6sszef\u00fcgg\u00e9se m\u00e1s webhelyekkel, p\u00e9ld\u00e1ul ennek kontextus\u00e9ban: <i>m\u0171anyag ablak \u00fcvegh\u00e1zhoz<\/i> \u00e9s a kerti \u00fcvegh\u00e1zhoz <i>nyil\u00e1sz\u00e1r\u00f3k.<\/i><\/p>\n<p>\u00c9rdemes tudni, hogy a be\u00e9p\u00edtett terasz egy csod\u00e1latos hely, ahol \u00e9lvezhetj\u00fck a szabadt\u00e9ri leveg\u0151t an\u00e9lk\u00fcl, hogy ki lenn\u00e9nk kit\u00e9ve az id\u0151j\u00e1r\u00e1s viszontags\u00e1gainak. A terasz berendez\u00e9sekor fontos figyelembe venni a st\u00edlusunkat, az ig\u00e9nyeinket \u00e9s a terasz m\u00e9ret\u00e9t.<\/p>\n<p>St\u00edlusok az \u00fcveg l\u00e9tes\u00edtm\u00e9ny l\u00e9trehoz\u00e1s\u00e1hoz:<\/p>\n<ul>\n<li>Modern: Letisztult vonalak, egyszer\u0171 b\u00fatorok, \u00fcveg \u00e9s f\u00e9m anyagok.<\/li>\n<li>Hagyom\u00e1nyos: K\u00e9nyelmes b\u00fatorok, meleg sz\u00ednek, fa \u00e9s textil anyagok.<\/li>\n<li>Rusztikus: Term\u00e9szetes anyagok, k\u0151 \u00e9s fa b\u00fatorok, kandall\u00f3.<\/li>\n<li>Boh\u00e9m: \u00c9l\u00e9nk sz\u00ednek, mint\u00e1s text\u00edli\u00e1k, eklektikus b\u00fatorok.<\/li>\n<\/ul>\n<h2>Diz\u00e1jn, bels\u0151\u00e9p\u00edt\u00e9szet &#8211; enteri\u0151r<\/h2>\n<p>Kulcsszavas t\u00e9m\u00e1k:<\/p>\n<ul>\n<li>t\u00e9likert \u00e9p\u00edt\u00e9shez ny\u00edl\u00e1sz\u00e1r\u00f3k &#8211; m\u0171anyag ablak ajt\u00f3<\/li>\n<li>m\u0171anyag lamb\u00e9ria &#8211; t\u00e9likert szerel\u00e9s &#8211; bor\u00edt\u00e9k c\u00edmz\u00e9s bloghu<\/li>\n<li>a Google helyez\u00e9s jav\u00edt\u00e1s \u00e9s bels\u0151\u00e9p\u00edt\u00e9szet eredm\u00e9nyes<\/li>\n<li>link \u00e9p\u00edt\u00e9s, google honlap optimaliz\u00e1l\u00e1s &#8211; seo blog<\/li>\n<li>a terasz be\u00e9p\u00edt\u00e9s optim\u00e1lis. Ny\u00edl\u00e1sz\u00e1r\u00f3k szervizel\u00e9se<\/li>\n<li>M\u0171anyag ablak, t\u00e9likert gy\u00e1rt\u00e1s &#8211; bels\u0151\u00e9p\u00edt\u00e9szet, ny\u00edl\u00e1sz\u00e1r\u00f3k marketingje<\/li>\n<li><a title=\"Milyen t\u00edpus\u00fa t\u00e9likertet \u00e9p\u00edttessek a teraszra?\" href=\"https:\/\/pr.seo-google.hu\/2024\/07\/17\/telikert-tipusok-es-elonyeik-hatranyaik\/\" target=\"_blank\" rel=\"noopener\">El\u0151ny\u00f6k. h\u00e1tr\u00e1nyok &#8211; t\u00e9likert t\u00edpusok<\/a><\/li>\n<\/ul>\n<p>Ne feledje: a be\u00e9p\u00edtett polikarbon\u00e1t n\u00f6v\u00e9nyterasz legyen egy olyan hely, ahol \u00d6n \u00e9s csal\u00e1dja pihenni \u00e9s kikapcsol\u00f3dni tud. A berendez\u00e9s sor\u00e1n tartsa szem el\u0151tt otthona st\u00edlus\u00e1t, saj\u00e1t ig\u00e9nyeit \u00e9s a kerti vagy bej\u00e1rati terasz m\u00e9ret\u00e9t, alapj\u00e1nak er\u0151ss\u00e9g\u00e9t \u00e9s t\u00e1jol\u00e1s\u00e1t.<\/p>\n","protected":false},"excerpt":{"rendered":"<p>T\u00e9likert \u00e9p\u00edt\u00e9s \u00e9s berendez\u00e9s Budapesten T\u00e9likertet tervez \u00e9p\u00edttetni Budapesten? \u00c9rdemes tudnia, hogy a bels\u0151\u00e9p\u00edt\u00e9szeti tervez\u00e9s kulcsfontoss\u00e1g\u00fa szerepet j\u00e1tszik az olyan t\u00f6k\u00e9letes bels\u0151 kert megalkot\u00e1s\u00e1ban, amely st\u00edlusosan illeszkedik otthon\u00e1hoz \u00e9s maxim\u00e1lisan kiel\u00e9g\u00edti ig\u00e9nyeit. Egy szak\u00e9rt\u0151 csapat seg\u00edt \u00d6nnek a t\u00e9likert st\u00edlus\u00e1nak \u00e9s funkci\u00f3j\u00e1nak meghat\u00e1roz\u00e1s\u00e1ban. Egyedi terveket k\u00e9sz\u00edt&#8230;<\/p>\n<p class=\"continue-reading-button\"> <a class=\"continue-reading-link\" href=\"https:\/\/kiszo.hhrf.org\/seo\/belsoepiteszet-telikert-bp\/\">Itt a teljes cikk<i class=\"crycon-right-dir\"><\/i><\/a><\/p>\n","protected":false},"author":2,"featured_media":1513,"comment_status":"open","ping_status":"closed","sticky":false,"template":"","format":"standard","meta":{"footnotes":""},"categories":[144],"tags":[176,173],"class_list":["post-514","post","type-post","status-publish","format-standard","has-post-thumbnail","hentry","category-eletmod","tag-telikert","tag-terasz"],"aioseo_notices":[],"_links":{"self":[{"href":"https:\/\/kiszo.hhrf.org\/seo\/wp-json\/wp\/v2\/posts\/514","targetHints":{"allow":["GET"]}}],"collection":[{"href":"https:\/\/kiszo.hhrf.org\/seo\/wp-json\/wp\/v2\/posts"}],"about":[{"href":"https:\/\/kiszo.hhrf.org\/seo\/wp-json\/wp\/v2\/types\/post"}],"author":[{"embeddable":true,"href":"https:\/\/kiszo.hhrf.org\/seo\/wp-json\/wp\/v2\/users\/2"}],"replies":[{"embeddable":true,"href":"https:\/\/kiszo.hhrf.org\/seo\/wp-json\/wp\/v2\/comments?post=514"}],"version-history":[{"count":0,"href":"https:\/\/kiszo.hhrf.org\/seo\/wp-json\/wp\/v2\/posts\/514\/revisions"}],"wp:featuredmedia":[{"embeddable":true,"href":"https:\/\/kiszo.hhrf.org\/seo\/wp-json\/wp\/v2\/media\/1513"}],"wp:attachment":[{"href":"https:\/\/kiszo.hhrf.org\/seo\/wp-json\/wp\/v2\/media?parent=514"}],"wp:term":[{"taxonomy":"category","embeddable":true,"href":"https:\/\/kiszo.hhrf.org\/seo\/wp-json\/wp\/v2\/categories?post=514"},{"taxonomy":"post_tag","embeddable":true,"href":"https:\/\/kiszo.hhrf.org\/seo\/wp-json\/wp\/v2\/tags?post=514"}],"curies":[{"name":"wp","href":"https:\/\/api.w.org\/{rel}","templated":true}]}}